{"id":1471,"date":"2025-11-28T17:10:26","date_gmt":"2025-11-28T16:10:26","guid":{"rendered":"https:\/\/www.blau-weisse-jungs.de\/?p=1471"},"modified":"2026-02-12T17:14:22","modified_gmt":"2026-02-12T16:14:22","slug":"weihnachtliches-konzert-der-blau-weissen-jungs","status":"publish","type":"post","link":"https:\/\/www.blau-weisse-jungs.de\/?p=1471","title":{"rendered":"Weihnachtliches Konzert der Blau-weissen Jungs"},"content":{"rendered":"\n<p>Der Ahrensb\u00f6ker Shantychor l\u00e4dt ein zum traditionellen \u201eWeihnachtlichen Liederabend\u201c der seit mehr als 40 Jahren jeweils am zweiten Mittwoch im Dezember stattfindet.<\/p>\n\n\n\n<p>Der Chor freut sich jedes Jahr aufs Neue wenn der Saal des B\u00fcrgerhauses gut gef\u00fcllt ist.<\/p>\n\n\n\n<p>Auch in diesem Jahr erwartet die Besucher und Zuh\u00f6rer wieder ein abwechslungsreiches Programm aus traditionellen \u2013und maritimen Weihnachtliedern, aus Shantys und Seemannslieder. Es fehlen nat\u00fcrlich auch nicht einige Lieder der Gruppe \u201eSantiano\u201c .<\/p>\n\n\n\n<p>Eintrittskarten gibt es bei \u201eLotto &amp; More\u201c in der Pl\u00f6ner Str. 32 in Ahrensb\u00f6k und bei jedem aktiven S\u00e4nger. Preis: 8,00 \u20ac.<\/p>\n","protected":false},"excerpt":{"rendered":"<p>Der Ahrensb\u00f6ker Shantychor l\u00e4dt ein zum traditionellen \u201eWeihnachtlichen Liederabend\u201c der seit mehr als 40 Jahren jeweils am zweiten Mittwoch im&hellip;<\/p>\n","protected":false},"author":1,"featured_media":0,"comment_status":"closed","ping_status":"closed","sticky":false,"template":"","format":"standard","meta":{"_vp_format_video_url":"","_vp_image_focal_point":[],"footnotes":""},"categories":[4],"tags":[],"class_list":["post-1471","post","type-post","status-publish","format-standard","hentry","category-archiv"],"_links":{"self":[{"href":"https:\/\/www.blau-weisse-jungs.de\/index.php?rest_route=\/wp\/v2\/posts\/1471","targetHints":{"allow":["GET"]}}],"collection":[{"href":"https:\/\/www.blau-weisse-jungs.de\/index.php?rest_route=\/wp\/v2\/posts"}],"about":[{"href":"https:\/\/www.blau-weisse-jungs.de\/index.php?rest_route=\/wp\/v2\/types\/post"}],"author":[{"embeddable":true,"href":"https:\/\/www.blau-weisse-jungs.de\/index.php?rest_route=\/wp\/v2\/users\/1"}],"replies":[{"embeddable":true,"href":"https:\/\/www.blau-weisse-jungs.de\/index.php?rest_route=%2Fwp%2Fv2%2Fcomments&post=1471"}],"version-history":[{"count":1,"href":"https:\/\/www.blau-weisse-jungs.de\/index.php?rest_route=\/wp\/v2\/posts\/1471\/revisions"}],"predecessor-version":[{"id":1472,"href":"https:\/\/www.blau-weisse-jungs.de\/index.php?rest_route=\/wp\/v2\/posts\/1471\/revisions\/1472"}],"wp:attachment":[{"href":"https:\/\/www.blau-weisse-jungs.de\/index.php?rest_route=%2Fwp%2Fv2%2Fmedia&parent=1471"}],"wp:term":[{"taxonomy":"category","embeddable":true,"href":"https:\/\/www.blau-weisse-jungs.de\/index.php?rest_route=%2Fwp%2Fv2%2Fcategories&post=1471"},{"taxonomy":"post_tag","embeddable":true,"href":"https:\/\/www.blau-weisse-jungs.de\/index.php?rest_route=%2Fwp%2Fv2%2Ftags&post=1471"}],"curies":[{"name":"wp","href":"https:\/\/api.w.org\/{rel}","templated":true}]}}