{"id":1108,"date":"2024-02-07T10:28:41","date_gmt":"2024-02-07T09:28:41","guid":{"rendered":"https:\/\/www.blau-weisse-jungs.de\/?p=1108"},"modified":"2024-07-17T16:18:00","modified_gmt":"2024-07-17T14:18:00","slug":"jahreshauptversammlung-2023","status":"publish","type":"post","link":"https:\/\/www.blau-weisse-jungs.de\/?p=1108","title":{"rendered":"Jahreshauptversammlung 2023"},"content":{"rendered":"\n<p><strong>Harmonie und Zuversicht \u2013 Ehrungen f\u00fcr verdiente Mitglieder<\/strong> <strong>JHV des Ahrensb\u00f6ker Shantychores \u201eBlau-weisse Jungs\u201c<\/strong><\/p>\n\n\n\n<p>Am Samstag, den 27.01.24, trafen sich die aktiven S\u00e4nger und f\u00f6rdernden Mitglieder des Chores zur Jahreshauptversammlung. Traditionell begann die Versammlung, nach der Begr\u00fc\u00dfung durch den Vorsitzenden Ullrich Groepler, mit dem z\u00fcnftigen Eisbeinessen. Wie immer lecker\u2026<\/p>\n\n\n\n<p>Gru\u00dfworte der Gemeinde Ahrensb\u00f6k \u00fcberbrachte die B\u00fcrgervorsteherin Karin Beythien. Sie dankte dem Chor f\u00fcr die Aktivit\u00e4ten und die gute Stimmung, die Sie bei Auftritten beobachte. Die Zuh\u00f6rer wippen und schunkeln mit, werden von den Melodien angesteckt. Der Gesang verbreite gute Laune.<\/p>\n\n\n\n<p>Der Vorsitzende des S\u00e4ngerkreises II Ostsee Johannes Meins bezeichnete den Chor als einen der aktivsten Ch\u00f6re zwischen Kiel und Bad Schwartau.<\/p>\n\n\n\n<p>Nach dem Jahresbericht des Schriftf\u00fchrers J\u00fcrgen Malachowski, der die Ereignisse des Jahres 2023 zusammenfasste, folgte der Bericht des Kassenwartes Holger Harder. Er berichtete von einer zufriedenstellenden Kassenlage. Das \u00e4lteste aktive Mitglied des Chores, Kurt Steffens, beantragte nach dem Bericht der Kassenpr\u00fcfer die Entlastung des gesamten Vorstandes. Diese wurde einstimmig erteilt.<\/p>\n\n\n\n<p>Chorleiter Frank Lorenz hob in seinem Bericht die gute Beteiligung der S\u00e4nger an \u00dcbungsabenden und den Auftritten hervor und stellte seine Pl\u00e4ne f\u00fcr das neue Jahr vor.<\/p>\n\n\n\n<p>Bevor es zu den Wahlen kam, ehrte der Vorsitzende Ullrich Groepler den stellvertretenden Vorsitzenden Dieter Blank der nach 25 Jahren nicht mehr f\u00fcr eine neue Wahlperiode zur Verf\u00fcgung steht. Er dankt f\u00fcr die vertrauensvolle Zusammenarbeit und Unterst\u00fctzung w\u00e4hrend dieser langen Zeit. Die Nachbarschaft und Freundschaft waren die Grundlagen f\u00fcr das gemeinsame Wirken.<\/p>\n\n\n\n<p>Zum neuen stellvertretenden Vorsitzenden wurde J\u00f6rg Ewers gew\u00e4hlt, als Kassierer wurden Holger Harder, sowie als Beisitzer Hubert Hudzik wieder f\u00fcr die n\u00e4chsten zwei Jahre gew\u00e4hlt. Als Kassenpr\u00fcfer fungiert Wolfgang Birkl.<\/p>\n\n\n\n<p>Beim Punkt \u201eEhrungen\u201c gab es gro\u00dfe \u00dcberraschungen.<\/p>\n\n\n\n<p>Der Chor sprach Dieter Blank f\u00fcr seine Verdienste um den Shantychor die Ehrenmitgliedschaft aus und der Vorsitzende Ullrich Groepler wurde vom S\u00e4ngerkreisvorsitzendem mit der goldenen Ehrennadel des S\u00e4ngerbundes Schleswig Holstein f\u00fcr 40 Jahre aktives Singen aus. F\u00fcr beide Aktionen spendete die Versammlung gro\u00dfen Applaus.<\/p>\n\n\n\n<p>Die eifrigsten S\u00e4nger waren in diesem Jahr Fred Menze ( 72 x dabei von 73 Zusammenk\u00fcnften), Klaus Groth 70 x und Wolfgang Zembcke 69 x. Sie wurden mit Mettwurstpreisen belohnt. Ansporn f\u00fcr alle anderen\u2026<\/p>\n\n\n\n<p>Zudem wurden noch die Pl\u00e4ne f\u00fcr 2024 angesprochen. Der Chor plant wieder eine Zweitagesfahrt und hat jetzt schon einige Auftrittsverpflichtungen in den K\u00fcstenorten in Ostholstein.<\/p>\n\n\n\n<p>Unter dem Punkt \u201eVerschiedenes\u201c \u00fcberreichte der Sprecher der f\u00f6rdernden Mitglieder Karl-Heinz Mladek eine \u00fcppige Spende der passiven Mitglieder f\u00fcr den Chor.<\/p>\n\n\n\n<p>Die harmonische Versammlung endete nicht bevor der Chor noch einige Gesangsst\u00fccke zum Besten gegeben hat.<\/p>\n\n\n\n<figure class=\"wp-block-image size-large\"><img loading=\"lazy\" decoding=\"async\" width=\"849\" height=\"1024\" src=\"https:\/\/www.blau-weisse-jungs.de\/wp-content\/uploads\/2024\/02\/40-Jahre-Ulli-849x1024.jpg\" alt=\"\" class=\"wp-image-1110\" srcset=\"https:\/\/www.blau-weisse-jungs.de\/wp-content\/uploads\/2024\/02\/40-Jahre-Ulli-849x1024.jpg 849w, https:\/\/www.blau-weisse-jungs.de\/wp-content\/uploads\/2024\/02\/40-Jahre-Ulli-249x300.jpg 249w, https:\/\/www.blau-weisse-jungs.de\/wp-content\/uploads\/2024\/02\/40-Jahre-Ulli-768x926.jpg 768w, https:\/\/www.blau-weisse-jungs.de\/wp-content\/uploads\/2024\/02\/40-Jahre-Ulli-1273x1536.jpg 1273w, https:\/\/www.blau-weisse-jungs.de\/wp-content\/uploads\/2024\/02\/40-Jahre-Ulli-500x603.jpg 500w, https:\/\/www.blau-weisse-jungs.de\/wp-content\/uploads\/2024\/02\/40-Jahre-Ulli-800x965.jpg 800w, https:\/\/www.blau-weisse-jungs.de\/wp-content\/uploads\/2024\/02\/40-Jahre-Ulli-1280x1544.jpg 1280w, https:\/\/www.blau-weisse-jungs.de\/wp-content\/uploads\/2024\/02\/40-Jahre-Ulli-1600x1930.jpg 1600w, https:\/\/www.blau-weisse-jungs.de\/wp-content\/uploads\/2024\/02\/40-Jahre-Ulli.jpg 1667w\" sizes=\"auto, (max-width: 849px) 100vw, 849px\" \/><figcaption class=\"wp-element-caption\">40 Jahre Ehrung vom S\u00e4ngerkreisvorsitzenden Johannes Meins (r.) ehrt Vorsitzenden Ullrich Groepler (l.) f\u00fcr 40 Jahre aktives Singen<\/figcaption><\/figure>\n\n\n\n<figure class=\"wp-block-image size-large\"><img loading=\"lazy\" decoding=\"async\" width=\"911\" height=\"1024\" src=\"https:\/\/www.blau-weisse-jungs.de\/wp-content\/uploads\/2024\/02\/25-J-Dieter_-911x1024.jpg\" alt=\"\" class=\"wp-image-1111\" srcset=\"https:\/\/www.blau-weisse-jungs.de\/wp-content\/uploads\/2024\/02\/25-J-Dieter_-911x1024.jpg 911w, https:\/\/www.blau-weisse-jungs.de\/wp-content\/uploads\/2024\/02\/25-J-Dieter_-267x300.jpg 267w, https:\/\/www.blau-weisse-jungs.de\/wp-content\/uploads\/2024\/02\/25-J-Dieter_-768x863.jpg 768w, https:\/\/www.blau-weisse-jungs.de\/wp-content\/uploads\/2024\/02\/25-J-Dieter_-1366x1536.jpg 1366w, https:\/\/www.blau-weisse-jungs.de\/wp-content\/uploads\/2024\/02\/25-J-Dieter_-500x562.jpg 500w, https:\/\/www.blau-weisse-jungs.de\/wp-content\/uploads\/2024\/02\/25-J-Dieter_-800x899.jpg 800w, https:\/\/www.blau-weisse-jungs.de\/wp-content\/uploads\/2024\/02\/25-J-Dieter_-1280x1439.jpg 1280w, https:\/\/www.blau-weisse-jungs.de\/wp-content\/uploads\/2024\/02\/25-J-Dieter_-1600x1799.jpg 1600w, https:\/\/www.blau-weisse-jungs.de\/wp-content\/uploads\/2024\/02\/25-J-Dieter_.jpg 1665w\" sizes=\"auto, (max-width: 911px) 100vw, 911px\" \/><figcaption class=\"wp-element-caption\">Vorsitzender Ullrich Groepler(r.) ehrt Dieter Blank(l.) f\u00fcr 25 Jahre stv. Vorsitzender<\/figcaption><\/figure>\n","protected":false},"excerpt":{"rendered":"<p>Harmonie und Zuversicht \u2013 Ehrungen f\u00fcr verdiente Mitglieder JHV des Ahrensb\u00f6ker Shantychores \u201eBlau-weisse Jungs\u201c Am Samstag, den 27.01.24, trafen sich&hellip;<\/p>\n","protected":false},"author":1,"featured_media":0,"comment_status":"closed","ping_status":"closed","sticky":false,"template":"","format":"standard","meta":{"_vp_format_video_url":"","_vp_image_focal_point":[],"footnotes":""},"categories":[4],"tags":[],"class_list":["post-1108","post","type-post","status-publish","format-standard","hentry","category-archiv"],"_links":{"self":[{"href":"https:\/\/www.blau-weisse-jungs.de\/index.php?rest_route=\/wp\/v2\/posts\/1108","targetHints":{"allow":["GET"]}}],"collection":[{"href":"https:\/\/www.blau-weisse-jungs.de\/index.php?rest_route=\/wp\/v2\/posts"}],"about":[{"href":"https:\/\/www.blau-weisse-jungs.de\/index.php?rest_route=\/wp\/v2\/types\/post"}],"author":[{"embeddable":true,"href":"https:\/\/www.blau-weisse-jungs.de\/index.php?rest_route=\/wp\/v2\/users\/1"}],"replies":[{"embeddable":true,"href":"https:\/\/www.blau-weisse-jungs.de\/index.php?rest_route=%2Fwp%2Fv2%2Fcomments&post=1108"}],"version-history":[{"count":3,"href":"https:\/\/www.blau-weisse-jungs.de\/index.php?rest_route=\/wp\/v2\/posts\/1108\/revisions"}],"predecessor-version":[{"id":1113,"href":"https:\/\/www.blau-weisse-jungs.de\/index.php?rest_route=\/wp\/v2\/posts\/1108\/revisions\/1113"}],"wp:attachment":[{"href":"https:\/\/www.blau-weisse-jungs.de\/index.php?rest_route=%2Fwp%2Fv2%2Fmedia&parent=1108"}],"wp:term":[{"taxonomy":"category","embeddable":true,"href":"https:\/\/www.blau-weisse-jungs.de\/index.php?rest_route=%2Fwp%2Fv2%2Fcategories&post=1108"},{"taxonomy":"post_tag","embeddable":true,"href":"https:\/\/www.blau-weisse-jungs.de\/index.php?rest_route=%2Fwp%2Fv2%2Ftags&post=1108"}],"curies":[{"name":"wp","href":"https:\/\/api.w.org\/{rel}","templated":true}]}}